[{"@context":"https:\/\/schema.org\/","@type":"Article","@id":"https:\/\/www.solisart.cz\/zluty-prasek-zvany-kurkuma\/#Article","mainEntityOfPage":"https:\/\/www.solisart.cz\/zluty-prasek-zvany-kurkuma\/","headline":"\u017dlut\u00fd pr\u00e1\u0161ek zvan\u00fd kurkuma","name":"\u017dlut\u00fd pr\u00e1\u0161ek zvan\u00fd kurkuma","description":"Zemit\u00e1 a jemn\u011b \u0161tiplav\u00e1 p\u0159\u00edchu\u0165, \u0159\u00edk\u00e1 V\u00e1m to n\u011bco? Ano, jedn\u00e1 se o kr\u00e1snou kurkumu. Pro\u010d kr\u00e1snou, proto\u017ee jej\u00ed typickou barvu s ni\u010d\u00edm nezam\u011bn\u00edte. Je toti\u017e kr\u00e1sn\u011b \u017elut\u00e1. Kurkuma Nakliceno.cz m\u00e1 typickou p\u0159ezd\u00edvku. V\u00edte jakou? P\u0159ezd\u00edv\u00e1 se j\u00ed p\u0159\u00edrodn\u00ed zlato. Z\u0159ejm\u011b d\u00edky jej\u00ed syt\u011b \u017elut\u00e9 barv\u011b. Co v\u00edce si o n\u00ed m\u016f\u017eeme \u0159\u00edct? Z\u0159ejm\u011b to, <a href=\"https:\/\/www.solisart.cz\/zluty-prasek-zvany-kurkuma\/\" class=\"more-link\">[&hellip;]<\/a>","datePublished":"2020-12-15","dateModified":"2020-12-15","author":{"@type":"Person","@id":"https:\/\/www.solisart.cz\/author\/#Person","name":"","url":"https:\/\/www.solisart.cz\/author\/","identifier":1,"image":{"@type":"ImageObject","@id":"https:\/\/secure.gravatar.com\/avatar\/6b1978a802e1d2522476d4f1a954a19e989b74ba84b3e15a182efb651cc75097?s=96&d=mm&r=g","url":"https:\/\/secure.gravatar.com\/avatar\/6b1978a802e1d2522476d4f1a954a19e989b74ba84b3e15a182efb651cc75097?s=96&d=mm&r=g","height":96,"width":96}},"publisher":{"@type":"Organization","name":"solisart.cz","logo":{"@type":"ImageObject","@id":"\/logo.png","url":"\/logo.png","width":600,"height":60}},"image":{"@type":"ImageObject","@id":"https:\/\/www.solisart.cz\/wp-content\/uploads\/kurkuma%20l%C5%BEi%C4%8Dka.jpeg","url":"https:\/\/www.solisart.cz\/wp-content\/uploads\/kurkuma%20l%C5%BEi%C4%8Dka.jpeg","height":0,"width":0},"url":"https:\/\/www.solisart.cz\/zluty-prasek-zvany-kurkuma\/","about":["Zdrav\u00ed"],"wordCount":454,"articleBody":"    Zemit\u00e1 a jemn\u011b \u0161tiplav\u00e1 p\u0159\u00edchu\u0165, \u0159\u00edk\u00e1 V\u00e1m to n\u011bco? Ano, jedn\u00e1 se o kr\u00e1snou kurkumu. Pro\u010d kr\u00e1snou, proto\u017ee jej\u00ed typickou barvu s ni\u010d\u00edm nezam\u011bn\u00edte. Je toti\u017e kr\u00e1sn\u011b \u017elut\u00e1. Kurkuma Nakliceno.cz m\u00e1 typickou p\u0159ezd\u00edvku. V\u00edte jakou? P\u0159ezd\u00edv\u00e1 se j\u00ed p\u0159\u00edrodn\u00ed zlato. Z\u0159ejm\u011b d\u00edky jej\u00ed syt\u011b \u017elut\u00e9 barv\u011b. Co v\u00edce si o n\u00ed m\u016f\u017eeme \u0159\u00edct? Z\u0159ejm\u011b to, \u017ee je zn\u00e1m\u00e1 ji\u017e tis\u00edce let. O kurkum\u011b lid\u00e9 psali u\u017e v nejstar\u0161\u00ed sv\u011btov\u00e9 literatu\u0159e a to z\u0159ejm\u011b d\u00edky jej\u00edm v\u00fdjime\u010dn\u00fdm \u00fa\u010dink\u016fm na lidsk\u00e9 t\u011blo.  Odkud poch\u00e1z\u00ed? Jej\u00ed domovina je v Asii. Tam se p\u0159id\u00e1v\u00e1 do v\u0161ech j\u00eddel. Najdete ji tedy jak v asijsk\u00e9, tak i thajsk\u00e9 nebo indon\u00e9sk\u00e9 kuchyni. V posledn\u00edch letech se za\u010dala v\u00edce pou\u017e\u00edvat i u n\u00e1s. Hod\u00ed se toti\u017e k ryb\u00e1m, do om\u00e1\u010dek, k t\u011bstovin\u00e1m, k r\u00fd\u017ei, masu, do pol\u00e9vek, k zelenin\u011b, k lu\u0161t\u011bnin\u00e1m, tak\u017ee s n\u00ed doko\u0159en\u00edte t\u00e9m\u011b\u0159 cokoliv. Podle chuti samoz\u0159ejm\u011b, ale ve fantazii se rozhodn\u011b meze nekladou. Co je zaj\u00edmavost\u00ed? Mo\u017en\u00e1 v\u0161ichni je\u0161t\u011b nev\u011bd\u00ed, \u017ee b\u00fdv\u00e1 sou\u010d\u00e1sti kari ko\u0159en\u00ed. Kari ko\u0159en\u00ed je tedy \u017elut\u00e9 pr\u00e1v\u011b d\u00edky kurkum\u011b. Kr\u00e1sn\u011b dobarv\u00ed pokrmy. Je to n\u00e1sledn\u011b pastva pro o\u010di. A v\u00edte, jak se to \u0159\u00edk\u00e1, i o\u010dima j\u00edme.  Co je vlastn\u011b ta kurkuma? Jak se vyr\u00e1b\u00ed a jak zpracov\u00e1v\u00e1? Jist\u011b budete cht\u00edt v\u011bd\u011bt, jak vlastn\u011b vznik\u00e1, nebo co to vlastn\u011b je? Jedn\u00e1 se v podstat\u011b o oddenek asijsk\u00e9 rostliny zvan\u00e9 kurkumovn\u00edk dlouh\u00fd. Jeho oddenky (dalo by se \u0159\u00edct ko\u0159eny) se su\u0161\u00ed, a pak se melou na pr\u00e1\u0161ek. Ten je v\u017edy typicky \u017elut\u00e9 barvy. Najdete ji u\u017e i v b\u011b\u017en\u00fdch obchodn\u00edch \u0159et\u011bzc\u00edch, v prodejn\u00e1ch se zdravou v\u00fd\u017eivo a v dal\u0161\u00edch obchodech. V\u017edy bychom si m\u011bli ale vyb\u00edrat podle kvality. To znamen\u00e1, \u017ee prim\u00e1rn\u011b nejpou\u017e\u00edvan\u011bj\u0161\u00ed a nej\u017e\u00e1dan\u011bj\u0161\u00ed by samoz\u0159ejm\u011b m\u011bla b\u00fdt kurkuma v bio kvalit\u011b. Nechceme tam p\u0159eci namlet\u00e9 kdeco v\u0161echno v s\u00e1\u010dku s kurkumou. Bio kurkuma je toti\u017e z\u00e1rukou jak kvality, tak i ohleduplnosti k \u017eivotn\u00edmu prost\u0159ed\u00ed, proto je TOP variantou. Toto ko\u0159en\u00ed je zn\u00e1m\u00e9 tak\u00e9 pro sv\u00e9 v\u00fdjime\u010dn\u00e9 \u00fa\u010dinky na lidsk\u00e9 t\u011blo, obsahuje \u0159adu vitam\u00edn\u016f a miner\u00e1l\u016f. Je tak\u00e9 antioxidantem a m\u00e1 protiz\u00e1n\u011btliv\u00e9 \u00fa\u010dinky.                                                                                                                                                                                                                                                                                                                                                                                          4.5\/5 - (2 votes)        "},{"@context":"https:\/\/schema.org\/","@type":"BreadcrumbList","itemListElement":[{"@type":"ListItem","position":1,"name":"\u017dlut\u00fd pr\u00e1\u0161ek zvan\u00fd kurkuma","item":"https:\/\/www.solisart.cz\/zluty-prasek-zvany-kurkuma\/#breadcrumbitem"}]}]