[{"@context":"https:\/\/schema.org\/","@type":"Article","@id":"https:\/\/www.solisart.cz\/zimni-zahrada-starosti-s-projekty-a-spousta-vychytavek\/#Article","mainEntityOfPage":"https:\/\/www.solisart.cz\/zimni-zahrada-starosti-s-projekty-a-spousta-vychytavek\/","headline":"Zimn\u00ed zahrada: starosti s projekty a spousta vychyt\u00e1vek","name":"Zimn\u00ed zahrada: starosti s projekty a spousta vychyt\u00e1vek","description":"Zimn\u00ed zahrad\u011b se n\u011bkdy tak\u00e9 \u0159\u00edk\u00e1 prodlou\u017een\u00fd ob\u00fdvac\u00ed pokoj. N\u011bco na tom bude, proto\u017ee je to vlastn\u011b zahrada, m\u016f\u017eete ji os\u00e1zet kv\u011btinami, m\u016f\u017eete v\u00a0n\u00ed sed\u011bt v\u00a0houpac\u00edm k\u0159esle nebo v\u00a0n\u00ed m\u00edt ratanov\u00fd n\u00e1bytek, a samoz\u0159ejm\u011b je tu spousta sv\u011btla, proto\u017ee minim\u00e1ln\u011b jedna ze\u010f je cel\u00e1 prosklen\u00e1, nebo je tu alespo\u0148 podstatn\u011b v\u00edce oken ne\u017e v\u00a0jin\u00e9 \u010d\u00e1sti <a href=\"https:\/\/www.solisart.cz\/zimni-zahrada-starosti-s-projekty-a-spousta-vychytavek\/\" class=\"more-link\">[&hellip;]<\/a>","datePublished":"2023-05-24","dateModified":"2023-05-24","author":{"@type":"Person","@id":"https:\/\/www.solisart.cz\/author\/#Person","name":"","url":"https:\/\/www.solisart.cz\/author\/","identifier":1,"image":{"@type":"ImageObject","@id":"https:\/\/secure.gravatar.com\/avatar\/6b1978a802e1d2522476d4f1a954a19e989b74ba84b3e15a182efb651cc75097?s=96&d=mm&r=g","url":"https:\/\/secure.gravatar.com\/avatar\/6b1978a802e1d2522476d4f1a954a19e989b74ba84b3e15a182efb651cc75097?s=96&d=mm&r=g","height":96,"width":96}},"publisher":{"@type":"Organization","name":"solisart.cz","logo":{"@type":"ImageObject","@id":"\/logo.png","url":"\/logo.png","width":600,"height":60}},"image":{"@type":"ImageObject","@id":"https:\/\/www.solisart.cz\/wp-content\/uploads\/img_a288560_w1967_t1499026619.jpg","url":"https:\/\/www.solisart.cz\/wp-content\/uploads\/img_a288560_w1967_t1499026619.jpg","height":0,"width":0},"url":"https:\/\/www.solisart.cz\/zimni-zahrada-starosti-s-projekty-a-spousta-vychytavek\/","wordCount":383,"articleBody":"Zimn\u00ed zahrad\u011b se n\u011bkdy tak\u00e9 \u0159\u00edk\u00e1 prodlou\u017een\u00fd ob\u00fdvac\u00ed pokoj. N\u011bco na tom bude, proto\u017ee je to vlastn\u011b zahrada, m\u016f\u017eete ji os\u00e1zet kv\u011btinami, m\u016f\u017eete v\u00a0n\u00ed sed\u011bt v\u00a0houpac\u00edm k\u0159esle nebo v\u00a0n\u00ed m\u00edt ratanov\u00fd n\u00e1bytek, a samoz\u0159ejm\u011b je tu spousta sv\u011btla, proto\u017ee minim\u00e1ln\u011b jedna ze\u010f je cel\u00e1 prosklen\u00e1, nebo je tu alespo\u0148 podstatn\u011b v\u00edce oken ne\u017e v\u00a0jin\u00e9 \u010d\u00e1sti domu.1.\u00a0\u00a0\u00a0\u00a0\u00a0\u00a0 Zimn\u00ed zahrada je prostor pro relaxov\u00e1n\u00ed2.\u00a0\u00a0\u00a0\u00a0\u00a0\u00a0 Po\u0159\u00e1d\u00e1n\u00ed oslav3.\u00a0\u00a0\u00a0\u00a0\u00a0\u00a0 Prostor mezi zahradou a obytnou \u010d\u00e1st\u00ed domu 4.\u00a0\u00a0\u00a0\u00a0\u00a0\u00a0 M\u016f\u017ee vzniknout jako prostor pro baz\u00e9nCo v\u0161echno mus\u00edte pl\u00e1novat, ne\u017e se pust\u00edte do zimn\u00ed zahrady u va\u0161eho domu? Pro\u010d byste si m\u011bli zavolat odborn\u00edky a s\u00a0\u010d\u00edm v\u00e1m mohou pomoci? Na v\u0161echny ot\u00e1zky v\u00e1m tento \u010dl\u00e1nek odpov\u00ed.\tOdborn\u00edci jsou zkr\u00e1tka odborn\u00edciLid\u00e9 jsou povolan\u00ed na to, aby n\u011b\u010demu rozum\u011bli. Budou m\u00edt zku\u0161enosti s\u00a0materi\u00e1ly, s\u00a0v\u00fdstavbou, budou v\u00e1m um\u011bt d\u00e1t n\u00e1vrh a doporu\u010d\u00ed v\u00e1m velikost, tvar i vybaven\u00ed zimn\u00ed zahrady. Nevyplat\u00ed se do t\u00e9to velk\u00e9 stavby pou\u0161t\u011bt samotn\u00ed a u\u017e v\u016fbec, pokud nejste znal\u00ed zednick\u00fdch prac\u00ed \u2013 a zdaleka ne jenom t\u011bch!\tKolik existuje typ\u016f zimn\u00edch zahrad?M\u016f\u017eete si volit mezi n\u011bkolika r\u016fzn\u00fdmi proveden\u00edmi, v\u0161echno se odv\u00edj\u00ed od toho, jak si zahradu p\u0159ejete pou\u017e\u00edvat. Jak by m\u011bla slou\u017eit? M\u011bla by b\u00fdt vylo\u017een\u011b m\u00edstnost\u00ed nav\u00edc, kter\u00e1 bude propojovat verandu nebo terasu s\u00a0domem? Bude v\u00e1m sta\u010dit minim\u00e1ln\u011b izolovan\u00e1 zahrada, kter\u00e1 nebude s\u00a0domem a\u017e tak propojena, ale budou ji d\u011bli t hlavn\u00ed dve\u0159e? Pokud ale si p\u0159ejete vytvo\u0159it zimn\u00ed zahradu, kter\u00e1 bude jakoby m\u00edstnost nav\u00edc, kterou chcete vyu\u017e\u00edvat ve sv\u00e9m voln\u00e9m \u010dase t\u0159eba po cel\u00fd rok, pokud v\u00a0n\u00ed chcete m\u00edt pokojov\u00e9 rostlin a zkr\u00e1tka v\u00a0n\u00ed relaxovat po cel\u00fd rok, nehled\u011b na zimu nebo horko, budete muset investovat do maxim\u00e1ln\u00ed izolace. Je t\u0159eba izola\u010dn\u00edch skel, kter\u00e9 maj\u00ed tak\u00e9 bezpe\u010dnostn\u00ed vrstvu ochrann\u00e9ho skla.                                                                                                                                                                                                                                                                                                                                                                                        4\/5 - (9 votes)        "},{"@context":"https:\/\/schema.org\/","@type":"BreadcrumbList","itemListElement":[{"@type":"ListItem","position":1,"name":"Zimn\u00ed zahrada: starosti s projekty a spousta vychyt\u00e1vek","item":"https:\/\/www.solisart.cz\/zimni-zahrada-starosti-s-projekty-a-spousta-vychytavek\/#breadcrumbitem"}]}]