[{"@context":"https:\/\/schema.org\/","@type":"Article","@id":"https:\/\/www.solisart.cz\/velkoobchody-mohou-zustat-o-svatcich-otevrene\/#Article","mainEntityOfPage":"https:\/\/www.solisart.cz\/velkoobchody-mohou-zustat-o-svatcich-otevrene\/","headline":"Velkoobchody mohou z\u016fstat o sv\u00e1tc\u00edch otev\u0159en\u00e9","name":"Velkoobchody mohou z\u016fstat o sv\u00e1tc\u00edch otev\u0159en\u00e9","description":"Pouh\u00e9 t\u0159i roky vydr\u017eel v\u00a0platnosti z\u00e1kon o uzav\u0159en\u00ed velk\u00fdch obchod\u016f ve vybran\u00e9 sv\u00e1tky v\u00a0nezm\u011bn\u011bn\u00e9 podob\u011b. U\u017e letos o V\u00e1noc\u00edch bude moci sv\u00e9 obchody znovu otev\u0159\u00edt t\u0159eba \u0159et\u011bzec Makro. Z\u00e1kaz prodeje na ploch\u00e1ch v\u011bt\u0161\u00edch ne\u017e 200 metr\u016f \u010dtvere\u010dn\u00edch je sice nad\u00e1le v\u00a0platnosti, ale z\u00e1konod\u00e1rci z\u00a0n\u011bj vyjmuli velkoobchody. Hlavn\u00edm argumentem pro vyn\u011bt\u00ed \u010dinnosti pro n\u00e1kup a prodej <a href=\"https:\/\/www.solisart.cz\/velkoobchody-mohou-zustat-o-svatcich-otevrene\/\" class=\"more-link\">[&hellip;]<\/a>","datePublished":"2019-11-09","dateModified":"2023-05-24","author":{"@type":"Person","@id":"https:\/\/www.solisart.cz\/author\/#Person","name":"","url":"https:\/\/www.solisart.cz\/author\/","identifier":1,"image":{"@type":"ImageObject","@id":"https:\/\/secure.gravatar.com\/avatar\/6b1978a802e1d2522476d4f1a954a19e989b74ba84b3e15a182efb651cc75097?s=96&d=mm&r=g","url":"https:\/\/secure.gravatar.com\/avatar\/6b1978a802e1d2522476d4f1a954a19e989b74ba84b3e15a182efb651cc75097?s=96&d=mm&r=g","height":96,"width":96}},"publisher":{"@type":"Organization","name":"solisart.cz","logo":{"@type":"ImageObject","@id":"\/logo.png","url":"\/logo.png","width":600,"height":60}},"image":{"@type":"ImageObject","@id":"https:\/\/www.solisart.cz\/wp-content\/uploads\/img_a361795_w3727_t1574891064.jpg","url":"https:\/\/www.solisart.cz\/wp-content\/uploads\/img_a361795_w3727_t1574891064.jpg","height":0,"width":0},"url":"https:\/\/www.solisart.cz\/velkoobchody-mohou-zustat-o-svatcich-otevrene\/","about":["Byznys"],"wordCount":398,"articleBody":"Pouh\u00e9 t\u0159i roky vydr\u017eel v\u00a0platnosti z\u00e1kon o uzav\u0159en\u00ed velk\u00fdch obchod\u016f ve vybran\u00e9 sv\u00e1tky v\u00a0nezm\u011bn\u011bn\u00e9 podob\u011b. U\u017e letos o V\u00e1noc\u00edch bude moci sv\u00e9 obchody znovu otev\u0159\u00edt t\u0159eba \u0159et\u011bzec Makro. Z\u00e1kaz prodeje na ploch\u00e1ch v\u011bt\u0161\u00edch ne\u017e 200 metr\u016f \u010dtvere\u010dn\u00edch je sice nad\u00e1le v\u00a0platnosti, ale z\u00e1konod\u00e1rci z\u00a0n\u011bj vyjmuli velkoobchody. Hlavn\u00edm argumentem pro vyn\u011bt\u00ed \u010dinnosti pro n\u00e1kup a prodej zbo\u017e\u00ed za \u00fa\u010delem jeho dal\u0161\u00edho prodeje k\u00a0podnikatelsk\u00e9 \u010dinnosti je p\u0159edev\u0161\u00edm z\u00e1sobov\u00e1n\u00ed restaurac\u00ed a men\u0161\u00edch obchod\u016f, kter\u00e9 mohou m\u00edt pr\u00e1v\u011b o sv\u00e1tc\u00edch otev\u0159eno. Z\u00e1kaz prodeje podle z\u00e1kona se krom\u011b velkoobchod\u016f nevztahuje tak\u00e9 na l\u00e9k\u00e1rny, obchody v\u00a0nemocnic\u00edch, leti\u0161tn\u00edch a n\u00e1dra\u017en\u00edch hal\u00e1ch a prodej na \u010derpac\u00edch stanic\u00edch.\u00a0Na vyhovuj\u00edc\u00ed podob\u011b z\u00e1kona se z\u00e1konod\u00e1rci, podnikatelsk\u00e9 svazy a odbor\u00e1\u0159i st\u00e1le nemohou ani po letech jeho platnosti shodnout. Z\u00e1stupci podnikatel\u016f jak\u00e9koliv omezov\u00e1n\u00ed prodejn\u00ed doby dlouhodob\u011b kritizuj\u00ed, zat\u00edmco odborov\u00e9 svazy zastupuj\u00edc\u00ed \u010d\u00e1st zam\u011bstnanc\u016f preferuj\u00ed roz\u0161\u00ed\u0159en\u00ed regulace prodeje na v\u0161ech 13 sv\u00e1tk\u016f v\u00a0kalend\u00e1\u0159i.\u00a0V\u00a0sou\u010dasn\u00e9 dob\u011b je prodej zak\u00e1z\u00e1n v\u00a0obchodech s\u00a0plochou nad 200 metr\u016f \u010dtvere\u010dn\u00edch na Nov\u00fd rok, Velikono\u010dn\u00ed pond\u011bl\u00ed, 8. kv\u011btna, 28. z\u00e1\u0159\u00ed, 28. \u0159\u00edjna a na v\u00e1no\u010dn\u00ed sv\u00e1tky 25. a 26. prosince. Na \u0160t\u011bdr\u00fd den je prodejn\u00ed doba omezena na dopoledne do 12 hodin.\u00a0Dodr\u017eov\u00e1n\u00ed z\u00e1kona kontroluje \u010cesk\u00e1 obchodn\u00ed inspekce. V\u00a0p\u0159\u00edpad\u011b, \u017ee inspekto\u0159i zjist\u00ed opakovan\u00e9 poru\u0161en\u00ed z\u00e1kona, mohou ud\u011blit provozovateli obchodu a\u017e p\u011btimilionovou pokutu. Pracovn\u00edci \u010cOI tak ve sv\u00e1tky obch\u00e1zej\u00ed obchody, ve kter\u00fdch ji\u017e v\u00a0minulosti k\u00a0poru\u0161en\u00ed na\u0159\u00edzen\u00ed do\u0161lo, nebo u kter\u00fdch maj\u00ed ozn\u00e1men\u00ed o poru\u0161ov\u00e1n\u00ed p\u0159\u00edmo od spot\u0159ebitel\u016f.\u00a0Prodejn\u00ed dobu obchod\u016f omezuj\u00ed z\u00e1kony i v\u00a0n\u011bkter\u00fdch okoln\u00edch zem\u00edch, jako t\u0159eba v\u00a0Rakousku nebo N\u011bmecku. P\u0159\u00edsn\u011bj\u0161\u00ed pravidla pro prodej o sv\u00e1tc\u00edch plat\u00ed tak\u00e9 ve Francii.\u00a0Novelu z\u00e1kona povoluj\u00edc\u00ed prodej ve velkoobchodech schv\u00e1lili poslanci v\u00a0b\u0159eznu 2019 a v\u00a0platnost ve\u0161la v\u00a0polovin\u011b listopadu. Autory novely jsou poslanci ODS a ANO. \u00a0\u00a0                                                                                                                                                                                                                                                                                                                                                                                        4.3\/5 - (3 votes)        "},{"@context":"https:\/\/schema.org\/","@type":"BreadcrumbList","itemListElement":[{"@type":"ListItem","position":1,"name":"Velkoobchody mohou z\u016fstat o sv\u00e1tc\u00edch otev\u0159en\u00e9","item":"https:\/\/www.solisart.cz\/velkoobchody-mohou-zustat-o-svatcich-otevrene\/#breadcrumbitem"}]}]