[{"@context":"https:\/\/schema.org\/","@type":"Article","@id":"https:\/\/www.solisart.cz\/ja-a-deti\/#Article","mainEntityOfPage":"https:\/\/www.solisart.cz\/ja-a-deti\/","headline":"J\u00e1 a d\u011bti","name":"J\u00e1 a d\u011bti","description":"Kdy\u017e jsem p\u0159em\u00fd\u0161lela, co sv\u00fdm d\u011btem po\u0159\u00edd\u00edm na zahradu, tak jsem netu\u0161ila, co by to asi tak mohlo b\u00fdt. Moje d\u011bti u\u017e m\u011bly kr\u00e1sn\u00e9 d\u011btsk\u00e9 h\u0159i\u0161t\u011b, ale st\u00e1le si mysl\u00edm, \u017ee tam d\u011btem n\u011bco chyb\u011blo. Ze za\u010d\u00e1tku jsem si myslela, \u017ee tam t\u0159eba chyb\u00ed n\u011bjak\u00e9 to zv\u00ed\u0159e, proto\u017ee moje d\u011bti miluji zv\u00ed\u0159ata, ale doma jsme <a href=\"https:\/\/www.solisart.cz\/ja-a-deti\/\" class=\"more-link\">[&hellip;]<\/a>","datePublished":"2023-01-15","dateModified":"2023-05-24","author":{"@type":"Person","@id":"https:\/\/www.solisart.cz\/author\/#Person","name":"","url":"https:\/\/www.solisart.cz\/author\/","identifier":1,"image":{"@type":"ImageObject","@id":"https:\/\/secure.gravatar.com\/avatar\/6b1978a802e1d2522476d4f1a954a19e989b74ba84b3e15a182efb651cc75097?s=96&d=mm&r=g","url":"https:\/\/secure.gravatar.com\/avatar\/6b1978a802e1d2522476d4f1a954a19e989b74ba84b3e15a182efb651cc75097?s=96&d=mm&r=g","height":96,"width":96}},"publisher":{"@type":"Organization","name":"solisart.cz","logo":{"@type":"ImageObject","@id":"\/logo.png","url":"\/logo.png","width":600,"height":60}},"image":{"@type":"ImageObject","@id":"https:\/\/www.solisart.cz\/wp-content\/uploads\/girl-535251_960_720_3.jpg","url":"https:\/\/www.solisart.cz\/wp-content\/uploads\/girl-535251_960_720_3.jpg","height":0,"width":0},"url":"https:\/\/www.solisart.cz\/ja-a-deti\/","about":["Zbo\u017e\u00ed"],"wordCount":513,"articleBody":"      Kdy\u017e jsem p\u0159em\u00fd\u0161lela, co sv\u00fdm d\u011btem po\u0159\u00edd\u00edm na zahradu, tak jsem netu\u0161ila, co by to asi tak mohlo b\u00fdt. Moje d\u011bti u\u017e m\u011bly kr\u00e1sn\u00e9 d\u011btsk\u00e9 h\u0159i\u0161t\u011b, ale st\u00e1le si mysl\u00edm, \u017ee tam d\u011btem n\u011bco chyb\u011blo. Ze za\u010d\u00e1tku jsem si myslela, \u017ee tam t\u0159eba chyb\u00ed n\u011bjak\u00e9 to zv\u00ed\u0159e, proto\u017ee moje d\u011bti miluji zv\u00ed\u0159ata, ale doma jsme zat\u00edm \u017e\u00e1dn\u00e9 nem\u011bli. Proto\u017ee je m\u016fj p\u0159\u00edtel, kter\u00fd je u\u017e nyn\u00ed b\u00fdval\u00fd p\u0159\u00edtel, tak byl alergick\u00fd na zv\u00ed\u0159ec\u00ed chlupy. Tak\u017ee i kdy\u017e d\u011bti si stra\u0161n\u011b p\u0159\u00e1li m\u00edt psa, tak jsem to bohu\u017eel nemohla splnit, proto\u017ee m\u00e9ho p\u0159\u00edtele by to st\u00e1le jenom dusilo a obt\u011b\u017eovalo. Tak\u017ee si \u0159\u00edk\u00e1m, \u017ee kdy\u017e p\u0159\u00edtel u\u017e od n\u00e1s ode\u0161el a u\u017e je p\u016fl roku pry\u010d a nevr\u00e1t\u00ed se, tak asi sv\u00fdm d\u011btem po\u0159\u00edd\u00edm n\u011bjak\u00e9ho mal\u00e9ho psa. A jak jsem \u0159ekla, tak jsem taky ud\u011blala. Jenom jsem nechala sv\u00e9 d\u011bti, by si vybraly n\u011bjak\u00e9ho pejska, kter\u00fd by se jim l\u00edbil. Samoz\u0159ejm\u011b, \u017ee jsem vybrala n\u011bjak\u00fdch p\u011bt mo\u017en\u00fdch plemen, ze kter\u00fdch si potom moje dv\u011b d\u011bti vyberou jedno kr\u00e1sn\u00e9 \u0161t\u011bn\u011b. Vybraly si mal\u00e9ho jezev\u010d\u00edka, co\u017e m\u011b t\u011b\u0161\u00ed. Potom jsem byla p\u0159ekvapen\u00e1, \u017ee i s t\u00edmto psem d\u011bti si hraj\u00ed na d\u011btsk\u00e9m h\u0159i\u0161ti. Proto\u017ee hbitost a s\u00edla na d\u011btsk\u00e9m h\u0159i\u0161ti je opravdu to prvn\u00ed, co chci v\u017edycky vid\u011bt. Opravdu bych si nep\u0159\u00e1la, aby moje dv\u011b d\u011bti st\u00e1le jenom le\u017eely doma a sed\u011bly na zadku a hr\u00e1ly si jenom na tabletu anebo \u010dum\u011bly na televizi a na po\u010d\u00edta\u010d. Tak\u017ee jsem vd\u011b\u010dn\u00e1 a jsem r\u00e1da a t\u011b\u0161\u00ed m\u011b, \u017ee hbitost a s\u00edla na d\u011btsk\u00e9m h\u0159i\u0161ti je m\u00fdm d\u011btem vlastn\u00ed a \u017ee je vlastn\u011b h\u0159i\u0161t\u011b bav\u00ed. Jsem py\u0161n\u00e1 na sv\u00e9 d\u011bti, \u017ee jsou takov\u00e9 ak\u010dn\u00ed a \u017ee je nebav\u00ed sed\u011bt jenom doma a v\u00e1let se a nudit se. Samoz\u0159ejm\u011b, \u017ee n\u011bkdy d\u011bti maj\u00ed takov\u00e9 dny, kdy t\u0159eba cel\u00e9 dva dny se jenom doma a koukaj\u00ed na poh\u00e1dky. Tohle m\u011b v\u016fbec nevad\u00ed a \u0159\u00edk\u00e1m si, \u017ee ka\u017ed\u00fd m\u00e1 prost\u011b takov\u00e9 dny, kdy mu hbitost a s\u00edla na d\u011btsk\u00e9m h\u0159i\u0161ti v\u016fbec nen\u00ed bl\u00edzk\u00e1. Ale jsem r\u00e1da, \u017ee tohle se v\u016fbec ned\u011bje \u010dasto, proto\u017ee moje d\u011bti maj\u00ed na zahrad\u011b opravdu velik\u00e9 a kr\u00e1sn\u00e9 h\u0159i\u0161t\u011b, kter\u00e9 vyu\u017e\u00edvaj\u00ed opravdu skoro denn\u011b. Hbitost a s\u00edla na d\u011btsk\u00e9m h\u0159i\u0161ti Detskahriste by tady m\u011bla b\u00fdt pro v\u0161echny.                                                                                                                                                                                                                                                                                                                                                                                           4.5\/5 - (11 votes)        "},{"@context":"https:\/\/schema.org\/","@type":"BreadcrumbList","itemListElement":[{"@type":"ListItem","position":1,"name":"J\u00e1 a d\u011bti","item":"https:\/\/www.solisart.cz\/ja-a-deti\/#breadcrumbitem"}]}]